{"id":3493,"date":"2018-03-14T11:25:38","date_gmt":"2018-03-14T10:25:38","guid":{"rendered":"http:\/\/www.shkb.cz\/?p=3493"},"modified":"2018-03-14T13:39:02","modified_gmt":"2018-03-14T12:39:02","slug":"expedicia-demanova-2-3-11-3-2018","status":"publish","type":"post","link":"http:\/\/www.shkb.cz\/?p=3493","title":{"rendered":"EXPED\u00cdCIA DEM\u00c4NOV\u00c1  2.3. &#8211; 11. 3. 2018"},"content":{"rendered":"<p><b>Den prvn\u00ed \u2013 tak jsme tady<\/b><\/p>\n<p>P\u0159i propo\u010d\u00edt\u00e1v\u00e1n\u00ed dovolen\u00e9, jsem dosp\u011bla k z\u00e1v\u011bru, \u017ee nem\u00e1m d\u016fvod si tuto akci odpou\u0161t\u011bt a tak jsme tedy v p\u00e1tek vyrazili s Lubo\u0161em na cestu. P\u0159i dojezdu u\u017e tu bylo hodn\u011b lid\u00ed a to se \u00fa\u010dastnili morav\u00e1ci, slov\u00e1ci aj pol\u00e1ci \u2013 tak\u017ee expedice jak m\u00e1 b\u00fdt \ud83d\ude42 A zapo\u010dal aklimatiza\u010dn\u00ed ve\u010d\u00edrek&#8230;<\/p>\n<p><b>Den druh\u00fd \u2013 v jedn\u00e9 d\u00ed\u0159e jsme se zpotili a v jin\u00e9 vykoupali<\/b><\/p>\n<p>Aklimatiza\u010dn\u00ed ve\u010d\u00edrek byl n\u00e1ro\u010dn\u00fd, ale aj tak jsme r\u00e1no vstali a vyrazili na pracovku do <em>Horn\u00ed Pust\u00e9 \u2013 do Psiech dier<\/em>. Co jsme se dozv\u011bd\u011bli tak se tam kope u\u017e dlouho. \u010celba je na svahu asi nekone\u010dn\u00e9ho su\u0165oviska, uj\u00ed\u017ed\u00ed to, kl\u00f3\u017ee to, no nic \u00fapln\u011b p\u0159\u00edjemn\u00e9ho. Dol\u016f se jde dob\u0159e (fajnov\u00e1 skluzavka), ale kdy\u017e \u010dlov\u011bk znaven kop\u00e1n\u00edm se m\u00e1 vyhrabat zp\u00e1tky nahoru do prudk\u00e9ho svahu je to celkem maka\u010dka. Ale syst\u00e9m te\u017eby je tu zaj\u00edmav\u00fd. Na \u010delbu je spu\u0161t\u011bna l\u00f3dna a kdy\u017e je pln\u00e1 tak se ve vstupn\u00edm d\u00f3mu zap\u0159e minim\u00e1ln\u011b p\u011bt lid\u00ed do lana a rozeb\u011bhne se do zadn\u00edch \u010d\u00e1st\u00ed. Kdy\u017e jsou tyto \u201ekon\u011b\u201c dob\u0159e napojeni, tak \u010delbu l\u00f3dny opou\u0161t\u011bj\u00ed t\u00e9m\u011b\u0159 nadzvukovou rychlost\u00ed \ud83d\ude00 Po pracovce jsme se \u0161li proj\u00edt do zadn\u00edch d\u00f3m\u016f. Krom\u011b p\u011bkn\u00e9 v\u00fdzdoby tu byla t\u00e9\u017e kr\u00e1sn\u00e1 akustika, tak jsem neodolala a tro\u0161ku jsme si zazp\u00edvali \ud83d\ude42<\/p>\n<p><em>Jak se t\u011b\u017e\u00ed v Ps\u00edch dier\u00e1ch se m\u016f\u017eete pod\u00edvat<\/em>\u00a0<a href=\"https:\/\/www.youtube.com\/watch?v=8CVMpjtT7cg&amp;feature=youtu.be\" target=\"_blank\" rel=\"noopener noreferrer\">ZDE<\/a><\/p>\n<p><!--more--><\/p>\n<p>Po p\u0159\u00edchodu a ob\u017eerstven\u00ed a ob\u010derstven\u00ed na speleo-domku jsme naznali, \u017ee je\u0161t\u011b nejsme \u00fapln\u011b vybou\u0159en\u00ed a tak jsme vyrazili na ve\u010dern\u00ed exkurzi do <em>Dem\u00e4novsk\u00e9 jaskyn\u011b slobody<\/em>, ale tu u\u017e jenom v civilu. N\u00e1m morav\u00e1k\u016f m\u00e1lem o\u010di povypad\u00e1vali nad tou spoustou v\u00fdzdoby. Asi v\u0161echny na\u0161e jeskyn\u011b se m\u016f\u017eou j\u00edt zahrabat (nebo je zasypem rovnou sami, aby slov\u00e1ci nevid\u011bli o kolik jsme &#8222;chud\u0161\u00ed&#8220; \ud83d\ude00 \ud83d\ude00 ). Naznali jsme, \u017ee tato jeskyn\u011b je jasn\u00fdm v\u00edt\u011bzem v sout\u011b\u017ei <i>narv\u011bte co nejv\u00edce kr\u00e1pn\u00edk\u016f na 1m<\/i><sup><span style=\"font-size: small;\"><i>2<\/i><\/span><\/sup><i> <\/i>\ud83d\ude00 Neb n\u00e1lada byla dobr\u00e1 a je\u0161t\u011b lep\u0161\u00ed pr\u016fvodce tak jsme se dozv\u011bd\u011bli spoustu zaj\u00edmav\u00fdch v\u011bc\u00ed \u2013 pro p\u0159edstavu tu m\u00e1te kr\u00e1tk\u00fd \u00faryvek z v\u00fdkladu na\u0161eho pr\u016fvodce i z dotazy z davu:<\/p>\n<p>\u201e<i>Jak jste si mohli v\u0161imnout v cel\u00e9 jeskyni je n\u00e1dhern\u00e1 v\u00fdzdoba, jenom tady chyb\u00ed. Je to proto, \u017ee se tu stala takov\u00e1 zvl\u00e1\u0161tn\u00ed v\u011bc, cel\u00e9 to tu jeblo a t\u00edm se rozjebala v\u00fdzdoba naho\u0159e i dole. Ale u\u017e tu m\u016f\u017eete vid\u011bt za\u010d\u00ednaj\u00edc\u00ed novou v\u00fdzdobu.\u201c \u201eA pro\u010d jen dole?\u201c \u201eAno, to je dobr\u00fd dotaz \u2013 hej, poslouchej, pro\u010d ty kokotiny narostli jen dole a naho\u0159e ne??\u201c <\/i><\/p>\n<p>Mus\u00edte uznat, \u017ee prohl\u00eddka jeskyn\u011b v tomto duchu opravdu st\u00e1la za to a proto nikdo z n\u00e1s nev\u00e1hal kdy\u017e n\u00e1m bylo nab\u00eddnuto prodlou\u017eit si to je\u0161t\u011b o prohl\u00eddku <em>j. Mieru<\/em>. P\u0159ed spojovac\u00ed chodbou jsme s Borisem neodolali a vykoupali se v T\u011bsnohl\u00eddkov\u011b jez\u00edrku \u2013 opravdu to st\u00e1lo za to \ud83d\ude42 sna\u017eili jsme se ukecat je\u0161t\u011b n\u011bkeho od pol\u00e1k\u016f, aby ve vod\u011b byli z\u00e1stupci v\u0161ech \u00fa\u010dastn\u00edc\u00edch se n\u00e1rod\u016f, ale za magory jsme z\u016fstali jen my dva \ud83d\ude00<\/p>\nngg_shortcode_0_placeholder\n<p>&nbsp;<\/p>\n<p><b>Den t\u0159et\u00ed \u2013 kdy\u017e chcete n\u011bco vid\u011bt, mus\u00edte si to pak odmakat<\/b><\/p>\n<p>Exkurzn\u011b jsme se s Lubo\u0161em vypravili spolu s fotografick\u00fdm t\u00fdmem do <em>Spodn\u00ed pust\u00e9<\/em>. A tam jsem zjistila jak moc velk\u00fd vliv na m\u011b m\u011bla v\u010derej\u0161\u00ed prohl\u00eddka \u2013 od te\u010f jak vid\u00edm padnut\u00fd v\u011bt\u0161\u00ed blok, okam\u017eit\u011b se mi vybav\u00ed <i>cel\u00e9 to tu jeblo<\/i> \u2013 mysl\u00edm, \u017ee se to dlouho nezlep\u0161\u00ed \ud83d\ude00 Je tu n\u00e1dhern\u00e1 \u0161krapov\u00e1 v\u00fdzdoba, kter\u00e1 se m\u011b osobn\u011b l\u00edb\u00ed v\u00edce ne\u017e kr\u00e1pn\u00edkov\u00e1, tak\u017ee jsem op\u011bt byla nad\u0161en\u00e1. Pro\u0161li jsme si aj \u010d\u00e1st spojovac\u00ed chodby do <em>j. Slobody \u2013 Vodn\u00ed<\/em> a pak jsme se p\u0159esunuli za pracovn\u00ed \u010detou do <em>Psiech dier<\/em>. Zrovna kdy\u017e jsme do\u0161li byl u\u017e nasazen\u00fd \u00fadernick\u00fd t\u00fdm na \u010delb\u011b znaven, tak jsme je \u0161li rovnou vyst\u0159\u00eddat. \u0158\u00e1dn\u011b jsme si na 2hodinky zab\u00e1dali a pak u\u017e jsme se v\u0161ichni znaveni p\u0159esunuli do tepla a na j\u00eddlo a tak d\u00e1l \ud83d\ude42<\/p>\nngg_shortcode_1_placeholder\n<p>&nbsp;<\/p>\n<p><b>Den \u010dvrt\u00fd &#8211; kdy\u017e je venku sn\u00edh, jezd\u00edme na bobech v jeskyni<\/b><\/p>\n<p>S Palem a Andrejem jsme se vypravili do<em> j. Sedmadvac\u00edtky<\/em>. Vstup do n\u00ed je z <em>j. Slobody<\/em> vertik\u00e1ln\u00ed plazivkou. N\u00e1sledn\u011b dal\u0161\u00ed cesta k \u010delb\u011b je m\u00edstama t\u00e9\u017e tro\u0161ku u\u017e\u0161\u00ed, ale mysl\u00edm, \u017ee tam nebylo nic co by n\u011bkoho z jihu moravsk\u00e9ho krasu rozhodilo \ud83d\ude00 Cestou jsme se pokochali n\u00e1dhernou vyhlazenou st\u011bnou se spoustou potvor, prost\u011b kr\u00e1sn\u00e9 d\u00edlo p\u0159\u00edrody. A dech vyr\u00e1\u017eej\u00edc\u00ed situace (kterou jsem v r\u00e1mci expedice za\u017eila v\u00edcekr\u00e1t) je, kdy\u017e prolezete n\u011bjakou p\u00ed\u010dovinu, \u0159\u00edk\u00e1te si kam m\u011b to kdo zas vede a vyleze ve velk\u00e9m d\u00f3mu s n\u00e1dhern\u011b klenutou klenbou, kterou by jen tak n\u011bjak\u00fd stavitel nezvl\u00e1dl napodobit. Co se t\u00fdk\u00e1 d\u00f3m\u016f, nutno dodat, \u017ee to tam prost\u011b cel\u00e9 jeblo \u2013 nejjednodu\u0161\u0161\u00ed popis \ud83d\ude00 \u010celba je docela sebevra\u017eedn\u00e1 \u2013 rozeb\u00edr\u00e1n\u00ed z\u00e1valu v \u00fa\u017ein\u011b nad sebou, ale to n\u00e1s nep\u0159ekvapilo tolik jako to, \u017ee jsme v puklin\u011b na\u0161li zara\u017een\u00e9 boby !! Bylo n\u00e1m \u0159e\u010deno, \u017ee jim to p\u0159i\u0161lo jako dobr\u00fd n\u00e1pad na transport materi\u00e1lu z \u010delby do m\u00edst kde se ukl\u00e1d\u00e1 \u2013 ale pr\u00fd nebyl, nicm\u00e9n\u011b tahat se s nima zp\u00e1tky u\u017e se nikomu o\u010dividn\u011b necht\u011blo. A tak jsme s Andrejem neodolali a n\u011bkolikr\u00e1t si projeli plazivku na bobech \u2013 fakt super z\u00e1\u017eitek \ud83d\ude00<\/p>\n<div style=\"width: 576px;\" class=\"wp-video\"><!--[if lt IE 9]><script>document.createElement('video');<\/script><![endif]-->\n<video class=\"wp-video-shortcode\" id=\"video-3493-1\" width=\"576\" height=\"320\" preload=\"metadata\" controls=\"controls\"><source type=\"video\/mp4\" src=\"http:\/\/www.shkb.cz\/wp-content\/uploads\/2018\/03\/video-1521023849.mp4?_=1\" \/><a href=\"http:\/\/www.shkb.cz\/wp-content\/uploads\/2018\/03\/video-1521023849.mp4\">http:\/\/www.shkb.cz\/wp-content\/uploads\/2018\/03\/video-1521023849.mp4<\/a><\/video><\/div>\nngg_shortcode_2_placeholder\n<p>&nbsp;<\/p>\n<p><b>Den p\u00e1t\u00fd &#8211; popi\u010di \u00fasp\u011b\u0161n\u00fd den \ud83d\ude00<\/b><\/p>\n<p>V p\u011bti lidech jsme se vypravili do jeskyn\u011b na Sokolu. U\u017e u vstupu jsme mohli o\u010di nechat na n\u00e1dhern\u00e9 a bohat\u00e9 ledov\u00e9 v\u00fdzdob\u011b. Na \u010delb\u011b n\u00e1s Lubo\u0161 po ti\u0161novsk\u00e9m zp\u016fsobu nau\u010dil t\u011b\u017eit na bludi\u0161\u0165\u00e1ky (1bludi\u0161\u0165\u00e1k = 10 l\u00f3den), nicm\u00e9n\u011b jsme se nedostali ani ke t\u0159et\u00edmu, kdy\u017e se ze zadu za\u010dali oz\u00fdvat v\u00fdk\u0159iky <em>\u201eno do pi\u010di, no to si d\u011bl\u00e1\u0161 prdel\u201c<\/em> a sm\u00edch a o chvilku pozd\u011bji jsme nesly\u0161eli nic. Chvilku jsme \u010dekali a kdy\u017e ani po t\u00e9 jsme se nikeho nedovolali, vydali jsme se pod\u00edvat kam n\u00e1m ti kop\u00e1\u010di zmizeli. No bylo to kr\u00e1sn\u00e9, poh\u00e1dkov\u00e9. Proplazili jsme se do s\u00ed\u0148ky s p\u011bknou kr\u00e1pn\u00edkovou v\u00fdzdobou, z n\u00ed se dalo proplazit do dal\u0161\u00ed s\u00ed\u0148ky, kter\u00e1 byla komplet pokryt\u00e1 sintrov\u00fdmi jez\u00edrky. A aby teho nebylo m\u00e1lo tak na druh\u00e9 stran\u011b prvn\u00ed s\u00ed\u0148ky pokra\u010dovala je\u0161t\u011b chodbi\u010dka, kter\u00e1 kon\u010dila odbo\u010dkou s meandrem a n\u00e1slednou plazivkou \u2013 a na konci velk\u00e1 ozv\u011bna. Odhadem objev cca 30m a kdy\u017e jsem se dozv\u011bd\u011bla, \u017ee tam m\u011bli zhruba 3 akce, tak jsem mohla jen ti\u0161e z\u00e1vid\u011bt. Po kocha\u010dce a focen\u00ed jsme se vypravili zp\u00e1tky dol\u016f\/dom\u016f. N\u011bkte\u0159\u00ed si nemohli pomoct a dosti prudk\u00fd svah si sjeli po zadku, m\u00edsty jsme se hodn\u011b ob\u00e1vali jestli to m\u00e1 doty\u010dn\u00fd je\u0161t\u011b pod kontrolou, ale o\u010dividn\u011b to ned\u011blal poprv\u00e9 \ud83d\ude00<\/p>\n<p>Po ob\u010derstven\u00ed na domku, jsme se je\u0161t\u011b vypravili do jeskyn\u011b Chladiv\u00fd dych. U\u017e to vypadalo, \u017ee vstup nenajdem, ale nakonec se poda\u0159ilo. A\u017e u vstupu jsme se dozv\u011bd\u011bli, \u017ee si jeskyni jdeme prohl\u00e9dnout p\u0159esn\u011b na ro\u010dn\u00ed v\u00fdro\u010d\u00ed od objevu. A st\u00e1lo to za to, op\u011bt situace kdy prolezete n\u011bjakou chujovinu a ocitnete se ve velk\u00e9m d\u00f3mu. Po kompletn\u00edm prolezen\u00ed jeskyn\u011b jsme se us\u00eddlili ve velk\u00e9m d\u00f3mu s p\u011bkn\u00fdm mostem, Boris pustil muziku, otev\u0159eli jsme si pivko a pak se v\u0161ichni p\u0159\u00edtomn\u00ed stali bu\u010f modelkami nebo osv\u011btlova\u010di pro Lubo\u0161e. Bylo to p\u011bkn\u00e9 zakon\u010den\u00ed dne, panovala tam moc fajn atmosf\u00e9ra \ud83d\ude42<\/p>\nngg_shortcode_3_placeholder\n<p>&nbsp;<\/p>\n<p><b>Den \u0161est\u00fd \u2013 odpo\u010dinkov\u00e1 d\u00e1msk\u00e1 j\u00edzda v Lubo\u0161ov\u011b aut\u011b<\/b><\/p>\n<p>S Lubicou jsme se rozhodli, \u017ee pot\u0159ebujem tro\u0161ku relax. A tak jsme si ve st\u0159edu o chvilku d\u00e9le pospali a pak se vypravili na ofici\u00e1ln\u00ed prohl\u00eddku do <em>j. Slobody<\/em>. Zakecali jsme se zad\u00e1kem prohl\u00eddky a tak jsme si jeskyni pro\u0161li v\u00edcem\u00e9n\u011b s\u00f3lo ve t\u0159ech. Po prohl\u00eddce jsme neodm\u00edtli pozv\u00e1n\u00ed na kafe u pr\u016fvodc\u016f. Ale pak jsme rychle jeli nakoupit a pustit se do chyst\u00e1n\u00ed j\u00eddla, aby n\u00e1m chlapy neum\u0159eli a\u017e se vr\u00e1t\u00ed z jeskyn\u00ed. Asi v p\u016flce cesty na domek jsme zatroubili na p\u0159esl\u00e9kaj\u00edc\u00ed se bandu a Lubo\u0161 se tak mohl pokochat pohledem na svoje auto uj\u00ed\u017ed\u011bj\u00edc\u00ed pry\u010d bez n\u011bho \ud83d\ude00 Po j\u00eddle jsme se vypravili do <em>muzea ochrany p\u0159\u00edrody a jaskyniarstva<\/em> v Liptovsk\u00e9m Mikul\u00e1\u0161i. Cestou dol\u016f Lubo\u0161 naznal, \u017ee je opravdu hroznej v\u00fdpitek, kdy\u017e jezd\u00ed sv\u00fdm autem, ale nen\u00ed schopn\u00fd \u0159\u00eddit \u2013 expedice hold b\u00fdvaj\u00ed n\u00e1ro\u010dn\u00e9 aj spole\u010densky \ud83d\ude42\u00a0 Bohu\u017eel jsme m\u011bli jenom hodinu do zav\u00edra\u010dky a n\u00e1v\u0161t\u011bva tohoto m\u00edsta si rozhodn\u011b vy\u017eaduje del\u0161\u00ed \u010das \u2013 p\u0159\u00ed\u0161t\u011b mus\u00edme napravit. Po t\u00e9 co n\u00e1s vyhnali z muzea jsme se rozhodli zaj\u00edt si je\u0161t\u011b na pivko, tak\u017ee cesta zp\u011bt byla vesel\u00e1 a naho\u0159e jsme se tedy lehce p\u0159ipojili k ji\u017e rozjet\u00e9mu ve\u010d\u00edrku \ud83d\ude42<\/p>\nngg_shortcode_4_placeholder\n<p>&nbsp;<\/p>\n<p><b>Den sedm\u00fd \u2013 kdy\u017e nemak\u00e1me o to v\u00edce pijem<\/b><\/p>\n<p>S bandou n\u011bkolika lid\u00ed a Lubicou coby modelkou na lan\u011b jsme se vypravili do <em>Spodn\u00ed pust\u00e9<\/em>\u00a0na focen\u00ed. \u010casov\u011b n\u00e1m tato akce zabrala dosti \u010dasu, tak\u017ee jsme se se u\u017e nikam jinam nepod\u00edvali. Ale o to d\u00e9le jsme kecali ve\u010der \ud83d\ude42<\/p>\nngg_shortcode_5_placeholder\n<p>&nbsp;<\/p>\n<p><b>Den osm\u00fd \u2013 s oknem do Okna<\/b><\/p>\n<p>Po n\u00e1ro\u010dn\u011bj\u0161\u00edm vst\u00e1v\u00e1n\u00ed jsme se vypravili do\u00a0\u00a0<em>j. Okno.<\/em>\u00a0Cestou jsme \u0161li p\u0159es <em>Tunelovou j.<\/em> ,kde jsme se pokochali ledov\u00fdmi n\u00e1teky na st\u011bn\u00e1ch. <em>Okno<\/em> je opravdu n\u00e1dhern\u011b vyzdoben\u00e1 jeskyni se spoustou poh\u00e1dkov\u00fdch z\u00e1kout\u00ed. Kdy\u017e jsme se dostali k \u010delb\u011b, zjistili jsme, \u017ee n\u011bkdo odnesl kopac\u00ed n\u00e1\u0159ad\u00ed a zapomn\u011bl n\u00e1m to \u0159\u00edct. Lubo\u0161 s Borisem nakopali aspo\u0148 jednu symbolickou l\u00f3dnu neandrt\u00e1lsk\u00fdm zp\u016fsobem (pomoc\u00ed n\u00e1\u0159ad\u00ed z kamene) a vypravili jsme se zp\u011bt za doprovodu spousty nad\u00e1vek od Iva \ud83d\ude00 Ale \u010das jsme vyu\u017eili aspo\u0148 k focen\u00ed, tak\u017ee jsme se v jeskyni na n\u011bjak\u00fd \u010das je\u0161t\u011b zasekli. P\u0159i p\u0159esl\u00e9k\u00e1n\u00ed p\u0159ed jeskyn\u00ed jsme vym\u00fd\u0161leli n\u00e1hradn\u00ed program a Miro dobr\u00fd n\u00e1m zvl\u00e1dl domluvit ofici\u00e1ln\u011b neofici\u00e1ln\u00ed prohl\u00eddku <em>Dem\u00e4novsk\u00e9 l&#8217;adov\u00e9 j<\/em>. V\u0161ichni jsme byli moc r\u00e1di, \u017ee jsme se tam pod\u00edvali \u2013 st\u00e1lo to za to.<\/p>\nngg_shortcode_6_placeholder\n<p>&nbsp;<\/p>\n<p><b>Den dev\u00e1t\u00fd \u2013 vydali jsme v\u0161e co v n\u00e1s zbylo<\/b><\/p>\n<p>Posledn\u00ed cel\u00fd den. Vypravili jsme se tedy s odhodl\u00e1n\u00edm d\u00e1t temu v\u0161e do <em>Psiech dier<\/em>. A pracovka opravdu st\u00e1la za to. Na \u010delb\u011b se vyst\u0159\u00eddili celkem t\u0159i t\u00fdmy, kon\u011b b\u011bhali do zbytku sil a vytahalo se teho opravdu dost. Poda\u0159ilo se usm\u011brnit \u010delbu, tak aby byla kolmo k trase l\u00f3dny, neb kdy\u017e jezdili l\u00f3dny do zat\u00e1\u010dky dost \u010dasto brali n\u011bco s sebou, co\u017e pro kop\u00e1\u010de dole opravdu nebylo p\u0159\u00edjemn\u00e9. Zna\u010dn\u011b znaveni jsme se vydali v pozdn\u00edch odpoledn\u00edch hodin\u00e1ch zp\u011bt na domek a u\u017eili si posledn\u00ed ve\u010d\u00edrek, kter\u00fd byl oproti zbytku t\u00fddne u\u017e opravdu velmi komorn\u00ed.<\/p>\n<p><b>Den des\u00e1t\u00fd \u2013 nechce se n\u00e1m, ale mus\u00edme<\/b><\/p>\n<p>Pomohli jsme tro\u0161ku s \u00faklidem a vypravili se s Lubo\u0161em na cestu zp\u011bt, p\u0159eci jenom jsme to m\u011bli nejd\u00e1l.<\/p>\n<p>Bylo to \u00fa\u017easn\u00fdch deset dn\u00ed poznala jsem spoustu nov\u00fdch lid\u00ed, jeskyn\u00ed, u\u017eila si spoustu srandy i v\u00fdkon\u016f na dno sil. Spousta mozkov\u00fdch bun\u011bk tam z\u016fstala u\u017e na v\u011bky, ale rozhodn\u011b v\u00edce je z\u00e1\u017eitk\u016f co mi nikdo nevezme. A za rok se ur\u010dit\u011b chci vypravit znova. D\u011bkuji v\u0161em za super atmosf\u00e9ru \u2013<\/p>\n<p><strong><em>bylo n\u00e1m fajn, bylo n\u00e1m v\u00fdborn\u011b<\/em><\/strong> \ud83d\ude42<\/p>\n<p>&nbsp;<\/p>\n<p>Fotky a videa v \u010dl\u00e1nku jsou od Lubo\u0161e (ZO 6-21 Myotis)<\/p>\n","protected":false},"excerpt":{"rendered":"<p>Den prvn\u00ed \u2013 tak jsme tady P\u0159i propo\u010d\u00edt\u00e1v\u00e1n\u00ed dovolen\u00e9, jsem dosp\u011bla k z\u00e1v\u011bru, \u017ee nem\u00e1m d\u016fvod si tuto akci odpou\u0161t\u011bt a tak jsme tedy v p\u00e1tek vyrazili s Lubo\u0161em na cestu. P\u0159i dojezdu u\u017e tu bylo hodn\u011b lid\u00ed a to se \u00fa\u010dastnili morav\u00e1ci, slov\u00e1ci aj pol\u00e1ci \u2013 tak\u017ee expedice jak m\u00e1 b\u00fdt \ud83d\ude42 A zapo\u010dal [&hellip;]<\/p>\n","protected":false},"author":510,"featured_media":0,"comment_status":"open","ping_status":"open","sticky":false,"template":"","format":"standard","meta":{"ngg_post_thumbnail":0,"footnotes":""},"categories":[2],"tags":[11,14,13,12],"class_list":["post-3493","post","type-post","status-publish","format-standard","hentry","category-exkurze","tag-demanovska-dolina","tag-demanovska-jaskyna-slobody","tag-jaskyna-okno","tag-jaskyna-pusta"],"_links":{"self":[{"href":"http:\/\/www.shkb.cz\/index.php?rest_route=\/wp\/v2\/posts\/3493"}],"collection":[{"href":"http:\/\/www.shkb.cz\/index.php?rest_route=\/wp\/v2\/posts"}],"about":[{"href":"http:\/\/www.shkb.cz\/index.php?rest_route=\/wp\/v2\/types\/post"}],"author":[{"embeddable":true,"href":"http:\/\/www.shkb.cz\/index.php?rest_route=\/wp\/v2\/users\/510"}],"replies":[{"embeddable":true,"href":"http:\/\/www.shkb.cz\/index.php?rest_route=%2Fwp%2Fv2%2Fcomments&post=3493"}],"version-history":[{"count":8,"href":"http:\/\/www.shkb.cz\/index.php?rest_route=\/wp\/v2\/posts\/3493\/revisions"}],"predecessor-version":[{"id":3504,"href":"http:\/\/www.shkb.cz\/index.php?rest_route=\/wp\/v2\/posts\/3493\/revisions\/3504"}],"wp:attachment":[{"href":"http:\/\/www.shkb.cz\/index.php?rest_route=%2Fwp%2Fv2%2Fmedia&parent=3493"}],"wp:term":[{"taxonomy":"category","embeddable":true,"href":"http:\/\/www.shkb.cz\/index.php?rest_route=%2Fwp%2Fv2%2Fcategories&post=3493"},{"taxonomy":"post_tag","embeddable":true,"href":"http:\/\/www.shkb.cz\/index.php?rest_route=%2Fwp%2Fv2%2Ftags&post=3493"}],"curies":[{"name":"wp","href":"https:\/\/api.w.org\/{rel}","templated":true}]}}